{"id":4315,"date":"2025-01-15T15:35:29","date_gmt":"2025-01-15T15:35:29","guid":{"rendered":"https:\/\/dantzaz.eus\/?p=4315"},"modified":"2025-02-05T11:16:03","modified_gmt":"2025-02-05T11:16:03","slug":"residences-dna-2025","status":"publish","type":"post","link":"https:\/\/dantzaz.eus\/fr\/residences-dna-2025\/","title":{"rendered":"Appel \u00e0 candidatures pour les r\u00e9sidences d&rsquo;artistes de DNA 2025"},"content":{"rendered":"<p>[et_pb_section fb_built=\u00a0\u00bb1&Prime; admin_label=\u00a0\u00bbContenido\u00a0\u00bb _builder_version=\u00a0\u00bb4.27.4&Prime; _module_preset=\u00a0\u00bbdefault\u00a0\u00bb background_color=\u00a0\u00bbRGBA(255,255,255,0)\u00a0\u00bb locked=\u00a0\u00bboff\u00a0\u00bb collapsed=\u00a0\u00bboff\u00a0\u00bb global_colors_info=\u00a0\u00bb{}\u00a0\u00bb][et_pb_row column_structure=\u00a0\u00bb1_2,1_2&Prime; _builder_version=\u00a0\u00bb4.17.6&Prime; _module_preset=\u00a0\u00bb5138c454-be54-4233-bd3b-f8e6a8747976&Prime; global_colors_info=\u00a0\u00bb{}\u00a0\u00bb][et_pb_column type=\u00a0\u00bb1_2&Prime; _builder_version=\u00a0\u00bb4.17.6&Prime; _module_preset=\u00a0\u00bb73121f80-a3ef-4484-8763-c3f18e3c56d2&Prime; global_colors_info=\u00a0\u00bb{}\u00a0\u00bb][et_pb_heading title=\u00a0\u00bbAppel \u00e0 candidatures pour les r\u00e9sidences d&apos;artistes de DNA 2025&Prime; admin_label=\u00a0\u00bbT\u00edtulo\u00a0\u00bb _builder_version=\u00a0\u00bb4.27.4&Prime; _module_preset=\u00a0\u00bbddeb8c09-9078-4424-bc15-2efb6572e28e\u00a0\u00bb title_font=\u00a0\u00bbPlayfair Display|Playfair Display_weight|||||||\u00a0\u00bb title_text_color=\u00a0\u00bb#111111&Prime; title_font_size=\u00a0\u00bb72px\u00a0\u00bb title_line_height=\u00a0\u00bb1.15em\u00a0\u00bb title_font_size_tablet=\u00a0\u00bb40px\u00a0\u00bb title_font_size_phone=\u00a0\u00bb24px\u00a0\u00bb title_font_size_last_edited=\u00a0\u00bbon|phone\u00a0\u00bb locked=\u00a0\u00bboff\u00a0\u00bb global_colors_info=\u00a0\u00bb{}\u00a0\u00bb][\/et_pb_heading][et_pb_text quote_border_color=\u00a0\u00bb#57cc99&Prime; admin_label=\u00a0\u00bbTexto\u00a0\u00bb _builder_version=\u00a0\u00bb4.27.4&Prime; _module_preset=\u00a0\u00bb2c55a9c4-feed-423b-9edb-ae0b5b365cac\u00a0\u00bb text_font=\u00a0\u00bb&#8211;et_global_body_font|Source Sans Pro_weight|||||||\u00a0\u00bb text_text_color=\u00a0\u00bbrgba(0,0,0,0.64)\u00a0\u00bb text_line_height=\u00a0\u00bb1.75em\u00a0\u00bb link_font=\u00a0\u00bb|Source Sans Pro_weight|||||||\u00a0\u00bb link_text_color=\u00a0\u00bb#22577a\u00a0\u00bb quote_font=\u00a0\u00bbPlayfair Display|Playfair Display_weight|||||||\u00a0\u00bb quote_text_color=\u00a0\u00bb#111111&Prime; header_font=\u00a0\u00bbPlayfair Display|Playfair Display_weight|||||||\u00a0\u00bb header_text_color=\u00a0\u00bb#111111&Prime; header_font_size=\u00a0\u00bb72px\u00a0\u00bb header_line_height=\u00a0\u00bb1.15em\u00a0\u00bb header_2_font=\u00a0\u00bbPlayfair Display|Playfair Display_weight|||||||\u00a0\u00bb header_2_text_color=\u00a0\u00bb#111111&Prime; header_2_font_size=\u00a0\u00bb50px\u00a0\u00bb header_2_line_height=\u00a0\u00bb1.2em\u00a0\u00bb header_3_font=\u00a0\u00bbPlayfair Display|Playfair Display_weight|||||||\u00a0\u00bb header_3_text_color=\u00a0\u00bb#111111&Prime; header_3_font_size=\u00a0\u00bb32px\u00a0\u00bb header_3_line_height=\u00a0\u00bb1.3em\u00a0\u00bb header_4_font=\u00a0\u00bbPlayfair Display|Playfair Display_weight|||||||\u00a0\u00bb header_4_text_color=\u00a0\u00bb#111111&Prime; header_4_font_size=\u00a0\u00bb24px\u00a0\u00bb header_4_line_height=\u00a0\u00bb1.4em\u00a0\u00bb header_5_font=\u00a0\u00bbPlayfair Display|Playfair Display_weight|||||||\u00a0\u00bb header_5_text_color=\u00a0\u00bb#111111&Prime; header_5_font_size=\u00a0\u00bb18px\u00a0\u00bb header_5_line_height=\u00a0\u00bb1.4em\u00a0\u00bb header_6_font=\u00a0\u00bbPlayfair Display|Playfair Display_weight|||||||\u00a0\u00bb header_6_text_color=\u00a0\u00bb#111111&Prime; header_6_line_height=\u00a0\u00bb1.5em\u00a0\u00bb custom_margin=\u00a0\u00bb||||false|false\u00a0\u00bb text_font_size_tablet=\u00a0\u00bb15px\u00a0\u00bb text_font_size_phone=\u00a0\u00bb14px\u00a0\u00bb text_font_size_last_edited=\u00a0\u00bbon|phone\u00a0\u00bb header_font_size_tablet=\u00a0\u00bb40px\u00a0\u00bb header_font_size_phone=\u00a0\u00bb24px\u00a0\u00bb header_font_size_last_edited=\u00a0\u00bbon|desktop\u00a0\u00bb header_2_font_size_tablet=\u00a0\u00bb28px\u00a0\u00bb header_2_font_size_phone=\u00a0\u00bb20px\u00a0\u00bb header_2_font_size_last_edited=\u00a0\u00bbon|phone\u00a0\u00bb header_3_font_size_tablet=\u00a0\u00bb22px\u00a0\u00bb header_3_font_size_phone=\u00a0\u00bb17px\u00a0\u00bb header_3_font_size_last_edited=\u00a0\u00bbon|phone\u00a0\u00bb header_4_font_size_tablet=\u00a0\u00bb18px\u00a0\u00bb header_4_font_size_phone=\u00a0\u00bb15px\u00a0\u00bb header_4_font_size_last_edited=\u00a0\u00bbon|tablet\u00a0\u00bb header_5_font_size_tablet=\u00a0\u00bb15px\u00a0\u00bb header_5_font_size_phone=\u00a0\u00bb14px\u00a0\u00bb header_5_font_size_last_edited=\u00a0\u00bbon|desktop\u00a0\u00bb header_6_font_size_tablet=\u00a0\u00bb13px\u00a0\u00bb header_6_font_size_phone=\u00a0\u00bb13px\u00a0\u00bb header_6_font_size_last_edited=\u00a0\u00bbon|desktop\u00a0\u00bb locked=\u00a0\u00bboff\u00a0\u00bb global_colors_info=\u00a0\u00bb{}\u00a0\u00bb]<\/p>\n<p>La Direction g\u00e9n\u00e9rale de la culture &#8211; Institution Pr\u00edncipe de Viana, en collaboration avec la Fondation Baluarte, a lanc\u00e9 l&rsquo;appel \u00e0 candidatures pour le <strong>programme de r\u00e9sidence artistique de cr\u00e9ation et\/ou de recherche DNA 2025<\/strong>, destin\u00e9 aux professionnels de la danse contemporaine de Navarre ou li\u00e9s \u00e0 la r\u00e9gion. Ce programme vise \u00e0 encourager la cr\u00e9ativit\u00e9, la m\u00e9diation culturelle et la construction d&rsquo;une communaut\u00e9 autour de la danse.<\/p>\n<p>[\/et_pb_text][\/et_pb_column][et_pb_column type=\u00a0\u00bb1_2&Prime; _builder_version=\u00a0\u00bb4.17.6&Prime; _module_preset=\u00a0\u00bb73121f80-a3ef-4484-8763-c3f18e3c56d2&Prime; global_colors_info=\u00a0\u00bb{}\u00a0\u00bb][et_pb_image src=\u00a0\u00bbhttps:\/\/dantzaz.eus\/wp-content\/uploads\/2025\/01\/Captura-de-pantalla-2025-01-15-a-las-14.07.02.png\u00a0\u00bb alt=\u00a0\u00bbEMBODIED TRANSFORMATIONS\u00a0\u00bb title_text=\u00a0\u00bbDNA R\u00e9sidences\u00a0\u00bb admin_label=\u00a0\u00bbImagen principal\u00a0\u00bb _builder_version=\u00a0\u00bb4.27.4&Prime; _module_preset=\u00a0\u00bb6ed8fd5c-62c5-4100-98c3-7b8b6d2c2ee6&Prime; border_radii=\u00a0\u00bbon|6px|6px|6px|6px\u00a0\u00bb box_shadow_style=\u00a0\u00bbpreset4&Prime; box_shadow_horizontal=\u00a0\u00bb0px\u00a0\u00bb box_shadow_vertical=\u00a0\u00bb24px\u00a0\u00bb box_shadow_blur=\u00a0\u00bb72px\u00a0\u00bb box_shadow_spread=\u00a0\u00bb-12px\u00a0\u00bb box_shadow_color=\u00a0\u00bbrgba(0,0,0,0.12)\u00a0\u00bb global_colors_info=\u00a0\u00bb{}\u00a0\u00bb][\/et_pb_image][\/et_pb_column][\/et_pb_row][et_pb_row _builder_version=\u00a0\u00bb4.27.4&Prime; _module_preset=\u00a0\u00bbdefault\u00a0\u00bb global_colors_info=\u00a0\u00bb{}\u00a0\u00bb][et_pb_column type=\u00a0\u00bb4_4&Prime; _builder_version=\u00a0\u00bb4.27.4&Prime; _module_preset=\u00a0\u00bbdefault\u00a0\u00bb global_colors_info=\u00a0\u00bb{}\u00a0\u00bb][et_pb_text admin_label=\u00a0\u00bbM\u00e1s texto si la noticia lo necesita\u00a0\u00bb _builder_version=\u00a0\u00bb4.27.4&Prime; _module_preset=\u00a0\u00bbdefault\u00a0\u00bb global_colors_info=\u00a0\u00bb{}\u00a0\u00bb]<\/p>\n<h4><strong>Que comprennent les r\u00e9sidences ?<\/strong><\/h4>\n<ul>\n<li><strong>Dur\u00e9e<\/strong> : 4 semaines, entre mai et septembre 2025 (elles ne doivent pas n\u00e9cessairement \u00eatre cons\u00e9cutives).<\/li>\n<li><strong>Dotation financi\u00e8re<\/strong> :\n<ul>\n<li>8.000\u20ac + TVA pour les projets en dehors des zones m\u00e9tropolitaines.<\/li>\n<li>6.000\u20ac + TVA pour les projets dans les zones urbaines du r\u00e9seau th\u00e9\u00e2tral de Navarre.<\/li>\n<\/ul>\n<\/li>\n<li><strong>Accompagnement<\/strong> : Une \u00e9quipe technique du Service d&rsquo;Action Culturelle suivra les projets s\u00e9lectionn\u00e9s. Une personne du secteur apportera \u00e9galement un soutien cr\u00e9atif.<\/li>\n<\/ul>\n<p><strong>Visibilit\u00e9<\/strong> : Pr\u00e9sentation des projets au festival DNA 2026.<\/p>\n<h4><strong>Qui peut participer ?<\/strong><\/h4>\n<ul>\n<li>Les professionnels de la danse contemporaine de Navarre.<\/li>\n<\/ul>\n<h4><strong>Qu&rsquo;attend-on des projets ?<\/strong><\/h4>\n<ul>\n<li>Une id\u00e9e originale qui explore la danse contemporaine.<\/li>\n<li>Des activit\u00e9s de m\u00e9diation pour rapprocher le projet du public local.<\/li>\n<li>Des actions qui encouragent de nouveaux publics et qui \u00e9tablissent un lien avec la communaut\u00e9.<\/li>\n<\/ul>\n<h4><strong>Plus d&rsquo;informations sur le projet<\/strong><\/h4>\n<p>Cliquez sur le bouton pour t\u00e9l\u00e9charger les conditions g\u00e9n\u00e9rales compl\u00e8tes.<\/p>\n<p>[\/et_pb_text][et_pb_button button_url=\u00a0\u00bbhttps:\/\/www.culturanavarra.es\/imagenes\/documentos\/bases-del-programa-de-residencias-dna-2025-570-es.pdf?t=20250115135442&Prime; url_new_window=\u00a0\u00bbon\u00a0\u00bb button_text=\u00a0\u00bbConditions\u00a0\u00bb _builder_version=\u00a0\u00bb4.27.4&Prime; _module_preset=\u00a0\u00bbdefault\u00a0\u00bb global_colors_info=\u00a0\u00bb{}\u00a0\u00bb][\/et_pb_button][\/et_pb_column][\/et_pb_row][\/et_pb_section][et_pb_section fb_built=\u00a0\u00bb1&Prime; admin_label=\u00a0\u00bbBlog\u00a0\u00bb _builder_version=\u00a0\u00bb4.27.4&Prime; _module_preset=\u00a0\u00bbdefault\u00a0\u00bb background_color=\u00a0\u00bbRGBA(255,255,255,0)\u00a0\u00bb locked=\u00a0\u00bboff\u00a0\u00bb collapsed=\u00a0\u00bboff\u00a0\u00bb global_colors_info=\u00a0\u00bb{}\u00a0\u00bb][et_pb_row _builder_version=\u00a0\u00bb4.18.0&Prime; _module_preset=\u00a0\u00bb5138c454-be54-4233-bd3b-f8e6a8747976&Prime; custom_padding=\u00a0\u00bb||0px|||\u00a0\u00bb global_colors_info=\u00a0\u00bb{}\u00a0\u00bb][et_pb_column type=\u00a0\u00bb4_4&Prime; _builder_version=\u00a0\u00bb4.16&Prime; _module_preset=\u00a0\u00bb73121f80-a3ef-4484-8763-c3f18e3c56d2&Prime; global_colors_info=\u00a0\u00bb{}\u00a0\u00bb][et_pb_heading title=\u00a0\u00bbPlus de nouvelles\u00a0\u00bb admin_label=\u00a0\u00bbt\u00edtulo %22noticias similares%22&Prime; _builder_version=\u00a0\u00bb4.27.4&Prime; _module_preset=\u00a0\u00bbc33f07d9-41e0-421a-8799-5799df695cce\u00a0\u00bb title_level=\u00a0\u00bbh2&Prime; title_font=\u00a0\u00bbPlayfair Display|Playfair Display_weight|||||||\u00a0\u00bb title_text_color=\u00a0\u00bb#111111&Prime; title_font_size=\u00a0\u00bb50px\u00a0\u00bb title_line_height=\u00a0\u00bb1.2em\u00a0\u00bb custom_margin=\u00a0\u00bb||10px||false|false\u00a0\u00bb title_font_size_tablet=\u00a0\u00bb28px\u00a0\u00bb title_font_size_phone=\u00a0\u00bb20px\u00a0\u00bb title_font_size_last_edited=\u00a0\u00bbon|phone\u00a0\u00bb locked=\u00a0\u00bboff\u00a0\u00bb global_colors_info=\u00a0\u00bb{}\u00a0\u00bb][\/et_pb_heading][et_pb_post_slider posts_number=\u00a0\u00bb4&Prime; include_categories=\u00a0\u00bbcurrent\u00a0\u00bb more_text=\u00a0\u00bbLire plus&#8230;\u00a0\u00bb admin_label=\u00a0\u00bbPost Slider\u00a0\u00bb _builder_version=\u00a0\u00bb4.27.4&Prime; _module_preset=\u00a0\u00bbf27f80c1-bf05-4321-b7e8-3a44a8c13bb3&Prime; header_font=\u00a0\u00bb&#8211;et_global_heading_font|800|||||||\u00a0\u00bb body_font=\u00a0\u00bbSource Sans Pro|Source Sans Pro_weight|||||||\u00a0\u00bb text_shadow_color=\u00a0\u00bb#EDEDED\u00a0\u00bb locked=\u00a0\u00bboff\u00a0\u00bb global_colors_info=\u00a0\u00bb{}\u00a0\u00bb][\/et_pb_post_slider][\/et_pb_column][\/et_pb_row][\/et_pb_section]<\/p>\n","protected":false},"excerpt":{"rendered":"<p>Des r\u00e9sidences de recherche et\/ou cr\u00e9ation pour des proffessionel.le.s de Navarre ou li\u00e9.e.s \u00e0 la Communaut\u00e9 Autonome.<\/p>\n","protected":false},"author":3,"featured_media":4294,"comment_status":"closed","ping_status":"open","sticky":false,"template":"","format":"standard","meta":{"_acf_changed":false,"_et_pb_use_builder":"on","_et_pb_old_content":"","_et_gb_content_width":"","content-type":"","footnotes":""},"categories":[233,224],"tags":[],"class_list":["post-4315","post","type-post","status-publish","format-standard","has-post-thumbnail","hentry","category-innovation-fr","category-professionnalisation"],"acf":[],"yoast_head":"<!-- This site is optimized with the Yoast SEO plugin v27.5 - https:\/\/yoast.com\/product\/yoast-seo-wordpress\/ -->\n<title>Appel \u00e0 candidatures pour les r\u00e9sidences d&#039;artistes de DNA 2025 - Dantzaz<\/title>\n<meta name=\"robots\" content=\"index, follow, max-snippet:-1, max-image-preview:large, max-video-preview:-1\" \/>\n<link rel=\"canonical\" href=\"https:\/\/dantzaz.eus\/dna-2025-egoitzak\/\" \/>\n<meta property=\"og:locale\" content=\"fr_FR\" \/>\n<meta property=\"og:type\" content=\"article\" \/>\n<meta property=\"og:title\" content=\"Appel \u00e0 candidatures pour les r\u00e9sidences d&#039;artistes de DNA 2025 - Dantzaz\" \/>\n<meta property=\"og:description\" content=\"Des r\u00e9sidences de recherche et\/ou cr\u00e9ation pour des proffessionel.le.s de Navarre ou li\u00e9.e.s \u00e0 la Communaut\u00e9 Autonome.\" \/>\n<meta property=\"og:url\" content=\"https:\/\/dantzaz.eus\/dna-2025-egoitzak\/\" \/>\n<meta property=\"og:site_name\" content=\"Dantzaz\" \/>\n<meta property=\"article:publisher\" content=\"https:\/\/www.facebook.com\/Dantzaz\" \/>\n<meta property=\"article:published_time\" content=\"2025-01-15T15:35:29+00:00\" \/>\n<meta property=\"article:modified_time\" content=\"2025-02-05T11:16:03+00:00\" \/>\n<meta property=\"og:image\" content=\"https:\/\/dantzaz.eus\/wp-content\/uploads\/2025\/01\/Captura-de-pantalla-2025-01-15-a-las-14.05.48.png\" \/>\n\t<meta property=\"og:image:width\" content=\"1750\" \/>\n\t<meta property=\"og:image:height\" content=\"768\" \/>\n\t<meta property=\"og:image:type\" content=\"image\/png\" \/>\n<meta name=\"author\" content=\"Dantzaz\" \/>\n<meta name=\"twitter:card\" content=\"summary_large_image\" \/>\n<meta name=\"twitter:label1\" content=\"\u00c9crit par\" \/>\n\t<meta name=\"twitter:data1\" content=\"Dantzaz\" \/>\n\t<meta name=\"twitter:label2\" content=\"Dur\u00e9e de lecture estim\u00e9e\" \/>\n\t<meta name=\"twitter:data2\" content=\"5 minutes\" \/>\n<script type=\"application\/ld+json\" class=\"yoast-schema-graph\">{\"@context\":\"https:\\\/\\\/schema.org\",\"@graph\":[{\"@type\":\"Article\",\"@id\":\"https:\\\/\\\/dantzaz.eus\\\/dna-2025-egoitzak\\\/#article\",\"isPartOf\":{\"@id\":\"https:\\\/\\\/dantzaz.eus\\\/dna-2025-egoitzak\\\/\"},\"author\":{\"name\":\"Dantzaz\",\"@id\":\"https:\\\/\\\/dantzaz.eus\\\/#\\\/schema\\\/person\\\/5941ed2d683f8c85ec4a6cf69074f6c1\"},\"headline\":\"Appel \u00e0 candidatures pour les r\u00e9sidences d&rsquo;artistes de DNA 2025\",\"datePublished\":\"2025-01-15T15:35:29+00:00\",\"dateModified\":\"2025-02-05T11:16:03+00:00\",\"mainEntityOfPage\":{\"@id\":\"https:\\\/\\\/dantzaz.eus\\\/dna-2025-egoitzak\\\/\"},\"wordCount\":1079,\"publisher\":{\"@id\":\"https:\\\/\\\/dantzaz.eus\\\/#organization\"},\"image\":{\"@id\":\"https:\\\/\\\/dantzaz.eus\\\/dna-2025-egoitzak\\\/#primaryimage\"},\"thumbnailUrl\":\"https:\\\/\\\/dantzaz.eus\\\/wp-content\\\/uploads\\\/2025\\\/01\\\/Captura-de-pantalla-2025-01-15-a-las-14.05.48.png\",\"articleSection\":[\"Innovation\",\"Professionnalisation\"],\"inLanguage\":\"fr-FR\"},{\"@type\":\"WebPage\",\"@id\":\"https:\\\/\\\/dantzaz.eus\\\/dna-2025-egoitzak\\\/\",\"url\":\"https:\\\/\\\/dantzaz.eus\\\/dna-2025-egoitzak\\\/\",\"name\":\"Appel \u00e0 candidatures pour les r\u00e9sidences d'artistes de DNA 2025 - Dantzaz\",\"isPartOf\":{\"@id\":\"https:\\\/\\\/dantzaz.eus\\\/#website\"},\"primaryImageOfPage\":{\"@id\":\"https:\\\/\\\/dantzaz.eus\\\/dna-2025-egoitzak\\\/#primaryimage\"},\"image\":{\"@id\":\"https:\\\/\\\/dantzaz.eus\\\/dna-2025-egoitzak\\\/#primaryimage\"},\"thumbnailUrl\":\"https:\\\/\\\/dantzaz.eus\\\/wp-content\\\/uploads\\\/2025\\\/01\\\/Captura-de-pantalla-2025-01-15-a-las-14.05.48.png\",\"datePublished\":\"2025-01-15T15:35:29+00:00\",\"dateModified\":\"2025-02-05T11:16:03+00:00\",\"breadcrumb\":{\"@id\":\"https:\\\/\\\/dantzaz.eus\\\/dna-2025-egoitzak\\\/#breadcrumb\"},\"inLanguage\":\"fr-FR\",\"potentialAction\":[{\"@type\":\"ReadAction\",\"target\":[\"https:\\\/\\\/dantzaz.eus\\\/dna-2025-egoitzak\\\/\"]}]},{\"@type\":\"ImageObject\",\"inLanguage\":\"fr-FR\",\"@id\":\"https:\\\/\\\/dantzaz.eus\\\/dna-2025-egoitzak\\\/#primaryimage\",\"url\":\"https:\\\/\\\/dantzaz.eus\\\/wp-content\\\/uploads\\\/2025\\\/01\\\/Captura-de-pantalla-2025-01-15-a-las-14.05.48.png\",\"contentUrl\":\"https:\\\/\\\/dantzaz.eus\\\/wp-content\\\/uploads\\\/2025\\\/01\\\/Captura-de-pantalla-2025-01-15-a-las-14.05.48.png\",\"width\":1750,\"height\":768},{\"@type\":\"BreadcrumbList\",\"@id\":\"https:\\\/\\\/dantzaz.eus\\\/dna-2025-egoitzak\\\/#breadcrumb\",\"itemListElement\":[{\"@type\":\"ListItem\",\"position\":1,\"name\":\"Home\",\"item\":\"https:\\\/\\\/dantzaz.eus\\\/\"},{\"@type\":\"ListItem\",\"position\":2,\"name\":\"Appel \u00e0 candidatures pour les r\u00e9sidences d&#8217;artistes de DNA 2025\"}]},{\"@type\":\"WebSite\",\"@id\":\"https:\\\/\\\/dantzaz.eus\\\/#website\",\"url\":\"https:\\\/\\\/dantzaz.eus\\\/\",\"name\":\"Dantzaz\",\"description\":\"Dantzaz\",\"publisher\":{\"@id\":\"https:\\\/\\\/dantzaz.eus\\\/#organization\"},\"potentialAction\":[{\"@type\":\"SearchAction\",\"target\":{\"@type\":\"EntryPoint\",\"urlTemplate\":\"https:\\\/\\\/dantzaz.eus\\\/?s={search_term_string}\"},\"query-input\":{\"@type\":\"PropertyValueSpecification\",\"valueRequired\":true,\"valueName\":\"search_term_string\"}}],\"inLanguage\":\"fr-FR\"},{\"@type\":\"Organization\",\"@id\":\"https:\\\/\\\/dantzaz.eus\\\/#organization\",\"name\":\"Dantzaz\",\"url\":\"https:\\\/\\\/dantzaz.eus\\\/\",\"logo\":{\"@type\":\"ImageObject\",\"inLanguage\":\"fr-FR\",\"@id\":\"https:\\\/\\\/dantzaz.eus\\\/#\\\/schema\\\/logo\\\/image\\\/\",\"url\":\"https:\\\/\\\/dantzaz.eus\\\/wp-content\\\/uploads\\\/2021\\\/01\\\/logo-footer-1.jpg\",\"contentUrl\":\"https:\\\/\\\/dantzaz.eus\\\/wp-content\\\/uploads\\\/2021\\\/01\\\/logo-footer-1.jpg\",\"width\":255,\"height\":57,\"caption\":\"Dantzaz\"},\"image\":{\"@id\":\"https:\\\/\\\/dantzaz.eus\\\/#\\\/schema\\\/logo\\\/image\\\/\"},\"sameAs\":[\"https:\\\/\\\/www.facebook.com\\\/Dantzaz\",\"https:\\\/\\\/www.instagram.com\\\/dantzaz\",\"https:\\\/\\\/www.linkedin.com\\\/company\\\/dantzaz\"]},{\"@type\":\"Person\",\"@id\":\"https:\\\/\\\/dantzaz.eus\\\/#\\\/schema\\\/person\\\/5941ed2d683f8c85ec4a6cf69074f6c1\",\"name\":\"Dantzaz\",\"image\":{\"@type\":\"ImageObject\",\"inLanguage\":\"fr-FR\",\"@id\":\"https:\\\/\\\/secure.gravatar.com\\\/avatar\\\/79013e4cec772b9d8c213f9766528a034b3403d9d0abbf36b3af72b27d6f6c7d?s=96&d=mm&r=g\",\"url\":\"https:\\\/\\\/secure.gravatar.com\\\/avatar\\\/79013e4cec772b9d8c213f9766528a034b3403d9d0abbf36b3af72b27d6f6c7d?s=96&d=mm&r=g\",\"contentUrl\":\"https:\\\/\\\/secure.gravatar.com\\\/avatar\\\/79013e4cec772b9d8c213f9766528a034b3403d9d0abbf36b3af72b27d6f6c7d?s=96&d=mm&r=g\",\"caption\":\"Dantzaz\"},\"url\":\"https:\\\/\\\/dantzaz.eus\\\/fr\\\/author\\\/dantzaz\\\/\"}]}<\/script>\n<!-- \/ Yoast SEO plugin. -->","yoast_head_json":{"title":"Appel \u00e0 candidatures pour les r\u00e9sidences d'artistes de DNA 2025 - Dantzaz","robots":{"index":"index","follow":"follow","max-snippet":"max-snippet:-1","max-image-preview":"max-image-preview:large","max-video-preview":"max-video-preview:-1"},"canonical":"https:\/\/dantzaz.eus\/dna-2025-egoitzak\/","og_locale":"fr_FR","og_type":"article","og_title":"Appel \u00e0 candidatures pour les r\u00e9sidences d'artistes de DNA 2025 - Dantzaz","og_description":"Des r\u00e9sidences de recherche et\/ou cr\u00e9ation pour des proffessionel.le.s de Navarre ou li\u00e9.e.s \u00e0 la Communaut\u00e9 Autonome.","og_url":"https:\/\/dantzaz.eus\/dna-2025-egoitzak\/","og_site_name":"Dantzaz","article_publisher":"https:\/\/www.facebook.com\/Dantzaz","article_published_time":"2025-01-15T15:35:29+00:00","article_modified_time":"2025-02-05T11:16:03+00:00","og_image":[{"width":1750,"height":768,"url":"https:\/\/dantzaz.eus\/wp-content\/uploads\/2025\/01\/Captura-de-pantalla-2025-01-15-a-las-14.05.48.png","type":"image\/png"}],"author":"Dantzaz","twitter_card":"summary_large_image","twitter_misc":{"\u00c9crit par":"Dantzaz","Dur\u00e9e de lecture estim\u00e9e":"5 minutes"},"schema":{"@context":"https:\/\/schema.org","@graph":[{"@type":"Article","@id":"https:\/\/dantzaz.eus\/dna-2025-egoitzak\/#article","isPartOf":{"@id":"https:\/\/dantzaz.eus\/dna-2025-egoitzak\/"},"author":{"name":"Dantzaz","@id":"https:\/\/dantzaz.eus\/#\/schema\/person\/5941ed2d683f8c85ec4a6cf69074f6c1"},"headline":"Appel \u00e0 candidatures pour les r\u00e9sidences d&rsquo;artistes de DNA 2025","datePublished":"2025-01-15T15:35:29+00:00","dateModified":"2025-02-05T11:16:03+00:00","mainEntityOfPage":{"@id":"https:\/\/dantzaz.eus\/dna-2025-egoitzak\/"},"wordCount":1079,"publisher":{"@id":"https:\/\/dantzaz.eus\/#organization"},"image":{"@id":"https:\/\/dantzaz.eus\/dna-2025-egoitzak\/#primaryimage"},"thumbnailUrl":"https:\/\/dantzaz.eus\/wp-content\/uploads\/2025\/01\/Captura-de-pantalla-2025-01-15-a-las-14.05.48.png","articleSection":["Innovation","Professionnalisation"],"inLanguage":"fr-FR"},{"@type":"WebPage","@id":"https:\/\/dantzaz.eus\/dna-2025-egoitzak\/","url":"https:\/\/dantzaz.eus\/dna-2025-egoitzak\/","name":"Appel \u00e0 candidatures pour les r\u00e9sidences d'artistes de DNA 2025 - Dantzaz","isPartOf":{"@id":"https:\/\/dantzaz.eus\/#website"},"primaryImageOfPage":{"@id":"https:\/\/dantzaz.eus\/dna-2025-egoitzak\/#primaryimage"},"image":{"@id":"https:\/\/dantzaz.eus\/dna-2025-egoitzak\/#primaryimage"},"thumbnailUrl":"https:\/\/dantzaz.eus\/wp-content\/uploads\/2025\/01\/Captura-de-pantalla-2025-01-15-a-las-14.05.48.png","datePublished":"2025-01-15T15:35:29+00:00","dateModified":"2025-02-05T11:16:03+00:00","breadcrumb":{"@id":"https:\/\/dantzaz.eus\/dna-2025-egoitzak\/#breadcrumb"},"inLanguage":"fr-FR","potentialAction":[{"@type":"ReadAction","target":["https:\/\/dantzaz.eus\/dna-2025-egoitzak\/"]}]},{"@type":"ImageObject","inLanguage":"fr-FR","@id":"https:\/\/dantzaz.eus\/dna-2025-egoitzak\/#primaryimage","url":"https:\/\/dantzaz.eus\/wp-content\/uploads\/2025\/01\/Captura-de-pantalla-2025-01-15-a-las-14.05.48.png","contentUrl":"https:\/\/dantzaz.eus\/wp-content\/uploads\/2025\/01\/Captura-de-pantalla-2025-01-15-a-las-14.05.48.png","width":1750,"height":768},{"@type":"BreadcrumbList","@id":"https:\/\/dantzaz.eus\/dna-2025-egoitzak\/#breadcrumb","itemListElement":[{"@type":"ListItem","position":1,"name":"Home","item":"https:\/\/dantzaz.eus\/"},{"@type":"ListItem","position":2,"name":"Appel \u00e0 candidatures pour les r\u00e9sidences d&#8217;artistes de DNA 2025"}]},{"@type":"WebSite","@id":"https:\/\/dantzaz.eus\/#website","url":"https:\/\/dantzaz.eus\/","name":"Dantzaz","description":"Dantzaz","publisher":{"@id":"https:\/\/dantzaz.eus\/#organization"},"potentialAction":[{"@type":"SearchAction","target":{"@type":"EntryPoint","urlTemplate":"https:\/\/dantzaz.eus\/?s={search_term_string}"},"query-input":{"@type":"PropertyValueSpecification","valueRequired":true,"valueName":"search_term_string"}}],"inLanguage":"fr-FR"},{"@type":"Organization","@id":"https:\/\/dantzaz.eus\/#organization","name":"Dantzaz","url":"https:\/\/dantzaz.eus\/","logo":{"@type":"ImageObject","inLanguage":"fr-FR","@id":"https:\/\/dantzaz.eus\/#\/schema\/logo\/image\/","url":"https:\/\/dantzaz.eus\/wp-content\/uploads\/2021\/01\/logo-footer-1.jpg","contentUrl":"https:\/\/dantzaz.eus\/wp-content\/uploads\/2021\/01\/logo-footer-1.jpg","width":255,"height":57,"caption":"Dantzaz"},"image":{"@id":"https:\/\/dantzaz.eus\/#\/schema\/logo\/image\/"},"sameAs":["https:\/\/www.facebook.com\/Dantzaz","https:\/\/www.instagram.com\/dantzaz","https:\/\/www.linkedin.com\/company\/dantzaz"]},{"@type":"Person","@id":"https:\/\/dantzaz.eus\/#\/schema\/person\/5941ed2d683f8c85ec4a6cf69074f6c1","name":"Dantzaz","image":{"@type":"ImageObject","inLanguage":"fr-FR","@id":"https:\/\/secure.gravatar.com\/avatar\/79013e4cec772b9d8c213f9766528a034b3403d9d0abbf36b3af72b27d6f6c7d?s=96&d=mm&r=g","url":"https:\/\/secure.gravatar.com\/avatar\/79013e4cec772b9d8c213f9766528a034b3403d9d0abbf36b3af72b27d6f6c7d?s=96&d=mm&r=g","contentUrl":"https:\/\/secure.gravatar.com\/avatar\/79013e4cec772b9d8c213f9766528a034b3403d9d0abbf36b3af72b27d6f6c7d?s=96&d=mm&r=g","caption":"Dantzaz"},"url":"https:\/\/dantzaz.eus\/fr\/author\/dantzaz\/"}]}},"_links":{"self":[{"href":"https:\/\/dantzaz.eus\/fr\/wp-json\/wp\/v2\/posts\/4315","targetHints":{"allow":["GET"]}}],"collection":[{"href":"https:\/\/dantzaz.eus\/fr\/wp-json\/wp\/v2\/posts"}],"about":[{"href":"https:\/\/dantzaz.eus\/fr\/wp-json\/wp\/v2\/types\/post"}],"author":[{"embeddable":true,"href":"https:\/\/dantzaz.eus\/fr\/wp-json\/wp\/v2\/users\/3"}],"replies":[{"embeddable":true,"href":"https:\/\/dantzaz.eus\/fr\/wp-json\/wp\/v2\/comments?post=4315"}],"version-history":[{"count":7,"href":"https:\/\/dantzaz.eus\/fr\/wp-json\/wp\/v2\/posts\/4315\/revisions"}],"predecessor-version":[{"id":4633,"href":"https:\/\/dantzaz.eus\/fr\/wp-json\/wp\/v2\/posts\/4315\/revisions\/4633"}],"wp:featuredmedia":[{"embeddable":true,"href":"https:\/\/dantzaz.eus\/fr\/wp-json\/wp\/v2\/media\/4294"}],"wp:attachment":[{"href":"https:\/\/dantzaz.eus\/fr\/wp-json\/wp\/v2\/media?parent=4315"}],"wp:term":[{"taxonomy":"category","embeddable":true,"href":"https:\/\/dantzaz.eus\/fr\/wp-json\/wp\/v2\/categories?post=4315"},{"taxonomy":"post_tag","embeddable":true,"href":"https:\/\/dantzaz.eus\/fr\/wp-json\/wp\/v2\/tags?post=4315"}],"curies":[{"name":"wp","href":"https:\/\/api.w.org\/{rel}","templated":true}]}}